{"id":2134,"date":"2019-07-22T14:32:08","date_gmt":"2019-07-22T12:32:08","guid":{"rendered":"https:\/\/samstrasbourg.com\/?p=2134"},"modified":"2019-07-22T19:08:13","modified_gmt":"2019-07-22T17:08:13","slug":"gael-chetelat","status":"publish","type":"post","link":"https:\/\/samstrasbourg.com\/en\/gael-chetelat\/","title":{"rendered":"Ga\u00ebl Ch\u00e9telat"},"content":{"rendered":"<section class=\"wpb-content-wrapper\"><p>[vc_row css_animation=&#8221;&#8221; row_type=&#8221;row&#8221; use_row_as_full_screen_section=&#8221;no&#8221; type=&#8221;full_width&#8221; angled_section=&#8221;no&#8221; text_align=&#8221;left&#8221; background_image_as_pattern=&#8221;without_pattern&#8221;][vc_column width=&#8221;1\/2&#8243;]<div class='q_icon_with_title very_large custom_icon_image center '><div class=\"icon_holder \" style=\"margin: 0 0 8px 0; \"><img itemprop=\"image\" style=\"margin: 0 0 8px 0;\" src=\"https:\/\/samstrasbourg.com\/wp-content\/uploads\/2019\/07\/Gae\u0308l-Che\u0301telat.png\" alt=\"\"><\/div><div class=\"icon_text_holder\" style=\"\"><div class=\"icon_text_inner\" style=\"\"><h4 class=\"icon_title\" style=\"\">Ga\u00ebl Ch\u00e9telat<\/h4><p style=''><\/p><\/div><\/div><\/div>[vc_column_text]<\/p>\n<h5 style=\"text-align: center;\"><em>Director of Research at INSERM<\/em><\/h5>\n<p>[\/vc_column_text][vc_column_text]Ga\u00ebl Ch\u00e9telat (PhD, HDR;) is Director of Research at Inserm. She is responsible of a research team named \u00abMultimodal Neuroimaging and Lifestyle in Ageing and Dementia\u00bb.<br \/>\nShe has published more than 140 articles on neuroimaging in ageing and dementia. Her work is devoted to the understanding of the mechanisms underlying ageing and dementia processes and the lifestyle factors that could prevent or delay age-associated disorders.<br \/>\nThe specificity of her team is to conduct studies combining complementary neuroimaging modalities, including structural and functional MRI with PET using different radiotracers, and to develop innovative multimodal neuroimaging approaches to disentangle complex mechanisms of diseases or cognitive processes.[\/vc_column_text][\/vc_column][vc_column width=&#8221;1\/2&#8243;][vc_empty_space height=&#8221;237px&#8221;][vc_column_text]Her research team is also interested in promoting healthy ageing and wellbeing through non-pharmaceutical interventions. In particular, Ga\u00ebl Ch\u00e9telat is coordinating an H2020 European grant (<a href=\"http:\/\/www.silversantestudy.eu\/\" target=\"_blank\" rel=\"noreferrer noopener\">www.silversantestudy.eu<\/a>, PHC22, 2015-2020) that will investigate the impact of English learning and meditation training on mental health and well-being in ageing populations.<\/p>\n<p><span style=\"color: #445878;\"><strong>Discover her website <span style=\"color: #48aaa7;\"><a style=\"color: #48aaa7;\" href=\"http:\/\/www.gael-chetelat.fr\/\">here<\/a><\/span>.<\/strong><\/span>[\/vc_column_text][\/vc_column][\/vc_row][vc_row css_animation=&#8221;&#8221; row_type=&#8221;row&#8221; use_row_as_full_screen_section=&#8221;no&#8221; type=&#8221;full_width&#8221; angled_section=&#8221;no&#8221; text_align=&#8221;left&#8221; background_image_as_pattern=&#8221;without_pattern&#8221;][vc_column][vc_empty_space][\/vc_column][\/vc_row]<\/p>\n<\/section>","protected":false},"excerpt":{"rendered":"<p>Ga\u00ebl Ch\u00e9telat (PhD, HDR;) is Director of Research at Inserm. She is responsible of a research team named \u00abMultimodal Neuroimaging and Lifestyle in Ageing and Dementia\u00bb.<br \/>\nShe has published more than 140 articles on neuroimaging in ageing and dementia. Her work is devoted to the understanding of the mechanisms underlying ageing and dementia processes and the lifestyle factors that could prevent or delay age-associated disorders.<br \/>\nThe specificity of her team is to conduct studies combining complementary neuroimaging modalities, including structural and functional MRI with PET using different radiotracers, and to develop innovative multimodal neuroimaging approaches to disentangle complex mechanisms of diseases or cognitive processes.<\/p>\n","protected":false},"author":2,"featured_media":0,"comment_status":"open","ping_status":"open","sticky":false,"template":"","format":"standard","meta":{"_mi_skip_tracking":false,"_exactmetrics_sitenote_active":false,"_exactmetrics_sitenote_note":"","_exactmetrics_sitenote_category":0},"categories":[62],"tags":[],"yoast_head":"<!-- This site is optimized with the Yoast SEO plugin v18.4.1 - https:\/\/yoast.com\/wordpress\/plugins\/seo\/ -->\n<title>Ga\u00ebl Ch\u00e9telat - SAM Strasbourg - Science Art M\u00e9ditation<\/title>\n<meta name=\"robots\" content=\"index, follow, max-snippet:-1, max-image-preview:large, max-video-preview:-1\" \/>\n<link rel=\"canonical\" href=\"https:\/\/samstrasbourg.com\/en\/gael-chetelat\/\" \/>\n<meta property=\"og:locale\" content=\"en_US\" \/>\n<meta property=\"og:type\" content=\"article\" \/>\n<meta property=\"og:title\" content=\"Ga\u00ebl Ch\u00e9telat - SAM Strasbourg - Science Art M\u00e9ditation\" \/>\n<meta property=\"og:description\" content=\"Ga\u00ebl Ch\u00e9telat (PhD, HDR;) is Director of Research at Inserm. She is responsible of a research team named \u00abMultimodal Neuroimaging and Lifestyle in Ageing and Dementia\u00bb. She has published more than 140 articles on neuroimaging in ageing and dementia. Her work is devoted to the understanding of the mechanisms underlying ageing and dementia processes and the lifestyle factors that could prevent or delay age-associated disorders. The specificity of her team is to conduct studies combining complementary neuroimaging modalities, including structural and functional MRI with PET using different radiotracers, and to develop innovative multimodal neuroimaging approaches to disentangle complex mechanisms of diseases or cognitive processes.\" \/>\n<meta property=\"og:url\" content=\"https:\/\/samstrasbourg.com\/en\/gael-chetelat\/\" \/>\n<meta property=\"og:site_name\" content=\"SAM Strasbourg - Science Art M\u00e9ditation\" \/>\n<meta property=\"article:published_time\" content=\"2019-07-22T12:32:08+00:00\" \/>\n<meta property=\"article:modified_time\" content=\"2019-07-22T17:08:13+00:00\" \/>\n<meta name=\"twitter:card\" content=\"summary_large_image\" \/>\n<meta name=\"twitter:label1\" content=\"Written by\" \/>\n\t<meta name=\"twitter:data1\" content=\"Charlyne Bach\" \/>\n\t<meta name=\"twitter:label2\" content=\"Est. reading time\" \/>\n\t<meta name=\"twitter:data2\" content=\"2 minutes\" \/>\n<script type=\"application\/ld+json\" class=\"yoast-schema-graph\">{\"@context\":\"https:\/\/schema.org\",\"@graph\":[{\"@type\":\"WebSite\",\"@id\":\"https:\/\/samstrasbourg.com\/en\/#website\",\"url\":\"https:\/\/samstrasbourg.com\/en\/\",\"name\":\"SAM Strasbourg - Science Art M\u00e9ditation\",\"description\":\"Science Art M\u00e9ditation - SAM Strasbourg\",\"potentialAction\":[{\"@type\":\"SearchAction\",\"target\":{\"@type\":\"EntryPoint\",\"urlTemplate\":\"https:\/\/samstrasbourg.com\/en\/?s={search_term_string}\"},\"query-input\":\"required name=search_term_string\"}],\"inLanguage\":\"en-US\"},{\"@type\":\"WebPage\",\"@id\":\"https:\/\/samstrasbourg.com\/en\/gael-chetelat\/#webpage\",\"url\":\"https:\/\/samstrasbourg.com\/en\/gael-chetelat\/\",\"name\":\"Ga\u00ebl Ch\u00e9telat - SAM Strasbourg - Science Art M\u00e9ditation\",\"isPartOf\":{\"@id\":\"https:\/\/samstrasbourg.com\/en\/#website\"},\"datePublished\":\"2019-07-22T12:32:08+00:00\",\"dateModified\":\"2019-07-22T17:08:13+00:00\",\"author\":{\"@id\":\"https:\/\/samstrasbourg.com\/en\/#\/schema\/person\/2a6a4de0a57a69be6274cd31e50711af\"},\"breadcrumb\":{\"@id\":\"https:\/\/samstrasbourg.com\/en\/gael-chetelat\/#breadcrumb\"},\"inLanguage\":\"en-US\",\"potentialAction\":[{\"@type\":\"ReadAction\",\"target\":[\"https:\/\/samstrasbourg.com\/en\/gael-chetelat\/\"]}]},{\"@type\":\"BreadcrumbList\",\"@id\":\"https:\/\/samstrasbourg.com\/en\/gael-chetelat\/#breadcrumb\",\"itemListElement\":[{\"@type\":\"ListItem\",\"position\":1,\"name\":\"Accueil\",\"item\":\"https:\/\/samstrasbourg.com\/en\/\"},{\"@type\":\"ListItem\",\"position\":2,\"name\":\"Ga\u00ebl Ch\u00e9telat\"}]},{\"@type\":\"Person\",\"@id\":\"https:\/\/samstrasbourg.com\/en\/#\/schema\/person\/2a6a4de0a57a69be6274cd31e50711af\",\"name\":\"Charlyne Bach\",\"image\":{\"@type\":\"ImageObject\",\"@id\":\"https:\/\/samstrasbourg.com\/en\/#personlogo\",\"inLanguage\":\"en-US\",\"url\":\"https:\/\/secure.gravatar.com\/avatar\/aa3dd04c28bf0908588b8954e4165e7d?s=96&d=mm&r=g\",\"contentUrl\":\"https:\/\/secure.gravatar.com\/avatar\/aa3dd04c28bf0908588b8954e4165e7d?s=96&d=mm&r=g\",\"caption\":\"Charlyne Bach\"},\"url\":\"https:\/\/samstrasbourg.com\/en\/author\/cbsamadmin\/\"}]}<\/script>\n<!-- \/ Yoast SEO plugin. -->","yoast_head_json":{"title":"Ga\u00ebl Ch\u00e9telat - SAM Strasbourg - Science Art M\u00e9ditation","robots":{"index":"index","follow":"follow","max-snippet":"max-snippet:-1","max-image-preview":"max-image-preview:large","max-video-preview":"max-video-preview:-1"},"canonical":"https:\/\/samstrasbourg.com\/en\/gael-chetelat\/","og_locale":"en_US","og_type":"article","og_title":"Ga\u00ebl Ch\u00e9telat - SAM Strasbourg - Science Art M\u00e9ditation","og_description":"Ga\u00ebl Ch\u00e9telat (PhD, HDR;) is Director of Research at Inserm. She is responsible of a research team named \u00abMultimodal Neuroimaging and Lifestyle in Ageing and Dementia\u00bb. She has published more than 140 articles on neuroimaging in ageing and dementia. Her work is devoted to the understanding of the mechanisms underlying ageing and dementia processes and the lifestyle factors that could prevent or delay age-associated disorders. The specificity of her team is to conduct studies combining complementary neuroimaging modalities, including structural and functional MRI with PET using different radiotracers, and to develop innovative multimodal neuroimaging approaches to disentangle complex mechanisms of diseases or cognitive processes.","og_url":"https:\/\/samstrasbourg.com\/en\/gael-chetelat\/","og_site_name":"SAM Strasbourg - Science Art M\u00e9ditation","article_published_time":"2019-07-22T12:32:08+00:00","article_modified_time":"2019-07-22T17:08:13+00:00","twitter_card":"summary_large_image","twitter_misc":{"Written by":"Charlyne Bach","Est. reading time":"2 minutes"},"schema":{"@context":"https:\/\/schema.org","@graph":[{"@type":"WebSite","@id":"https:\/\/samstrasbourg.com\/en\/#website","url":"https:\/\/samstrasbourg.com\/en\/","name":"SAM Strasbourg - Science Art M\u00e9ditation","description":"Science Art M\u00e9ditation - SAM Strasbourg","potentialAction":[{"@type":"SearchAction","target":{"@type":"EntryPoint","urlTemplate":"https:\/\/samstrasbourg.com\/en\/?s={search_term_string}"},"query-input":"required name=search_term_string"}],"inLanguage":"en-US"},{"@type":"WebPage","@id":"https:\/\/samstrasbourg.com\/en\/gael-chetelat\/#webpage","url":"https:\/\/samstrasbourg.com\/en\/gael-chetelat\/","name":"Ga\u00ebl Ch\u00e9telat - SAM Strasbourg - Science Art M\u00e9ditation","isPartOf":{"@id":"https:\/\/samstrasbourg.com\/en\/#website"},"datePublished":"2019-07-22T12:32:08+00:00","dateModified":"2019-07-22T17:08:13+00:00","author":{"@id":"https:\/\/samstrasbourg.com\/en\/#\/schema\/person\/2a6a4de0a57a69be6274cd31e50711af"},"breadcrumb":{"@id":"https:\/\/samstrasbourg.com\/en\/gael-chetelat\/#breadcrumb"},"inLanguage":"en-US","potentialAction":[{"@type":"ReadAction","target":["https:\/\/samstrasbourg.com\/en\/gael-chetelat\/"]}]},{"@type":"BreadcrumbList","@id":"https:\/\/samstrasbourg.com\/en\/gael-chetelat\/#breadcrumb","itemListElement":[{"@type":"ListItem","position":1,"name":"Accueil","item":"https:\/\/samstrasbourg.com\/en\/"},{"@type":"ListItem","position":2,"name":"Ga\u00ebl Ch\u00e9telat"}]},{"@type":"Person","@id":"https:\/\/samstrasbourg.com\/en\/#\/schema\/person\/2a6a4de0a57a69be6274cd31e50711af","name":"Charlyne Bach","image":{"@type":"ImageObject","@id":"https:\/\/samstrasbourg.com\/en\/#personlogo","inLanguage":"en-US","url":"https:\/\/secure.gravatar.com\/avatar\/aa3dd04c28bf0908588b8954e4165e7d?s=96&d=mm&r=g","contentUrl":"https:\/\/secure.gravatar.com\/avatar\/aa3dd04c28bf0908588b8954e4165e7d?s=96&d=mm&r=g","caption":"Charlyne Bach"},"url":"https:\/\/samstrasbourg.com\/en\/author\/cbsamadmin\/"}]}},"jetpack_featured_media_url":"","_links":{"self":[{"href":"https:\/\/samstrasbourg.com\/en\/wp-json\/wp\/v2\/posts\/2134"}],"collection":[{"href":"https:\/\/samstrasbourg.com\/en\/wp-json\/wp\/v2\/posts"}],"about":[{"href":"https:\/\/samstrasbourg.com\/en\/wp-json\/wp\/v2\/types\/post"}],"author":[{"embeddable":true,"href":"https:\/\/samstrasbourg.com\/en\/wp-json\/wp\/v2\/users\/2"}],"replies":[{"embeddable":true,"href":"https:\/\/samstrasbourg.com\/en\/wp-json\/wp\/v2\/comments?post=2134"}],"version-history":[{"count":3,"href":"https:\/\/samstrasbourg.com\/en\/wp-json\/wp\/v2\/posts\/2134\/revisions"}],"predecessor-version":[{"id":2212,"href":"https:\/\/samstrasbourg.com\/en\/wp-json\/wp\/v2\/posts\/2134\/revisions\/2212"}],"wp:attachment":[{"href":"https:\/\/samstrasbourg.com\/en\/wp-json\/wp\/v2\/media?parent=2134"}],"wp:term":[{"taxonomy":"category","embeddable":true,"href":"https:\/\/samstrasbourg.com\/en\/wp-json\/wp\/v2\/categories?post=2134"},{"taxonomy":"post_tag","embeddable":true,"href":"https:\/\/samstrasbourg.com\/en\/wp-json\/wp\/v2\/tags?post=2134"}],"curies":[{"name":"wp","href":"https:\/\/api.w.org\/{rel}","templated":true}]}}