{"id":2142,"date":"2019-07-22T14:46:02","date_gmt":"2019-07-22T12:46:02","guid":{"rendered":"https:\/\/samstrasbourg.com\/?p=2142"},"modified":"2019-07-22T19:10:45","modified_gmt":"2019-07-22T17:10:45","slug":"aurelie-godefroy","status":"publish","type":"post","link":"https:\/\/samstrasbourg.com\/en\/aurelie-godefroy\/","title":{"rendered":"Aur\u00e9lie Godefroy"},"content":{"rendered":"<section class=\"wpb-content-wrapper\"><p>[vc_row css_animation=&#8221;&#8221; row_type=&#8221;row&#8221; use_row_as_full_screen_section=&#8221;no&#8221; type=&#8221;full_width&#8221; angled_section=&#8221;no&#8221; text_align=&#8221;left&#8221; background_image_as_pattern=&#8221;without_pattern&#8221;][vc_column width=&#8221;1\/2&#8243;]<div class='q_icon_with_title very_large custom_icon_image center '><div class=\"icon_holder \" style=\"margin: 0 0 8px 0; \"><img itemprop=\"image\" style=\"margin: 0 0 8px 0;\" src=\"https:\/\/samstrasbourg.com\/wp-content\/uploads\/2019\/07\/Aure\u0301lie-Godefroy.png\" alt=\"\"><\/div><div class=\"icon_text_holder\" style=\"\"><div class=\"icon_text_inner\" style=\"\"><h4 class=\"icon_title\" style=\"\">Aur\u00e9lie Godefroy<\/h4><p style=''><\/p><\/div><\/div><\/div>[vc_column_text]<\/p>\n<h5 style=\"text-align: center;\"><em>Journalist<\/em><\/h5>\n<p>[\/vc_column_text][vc_column_text]Journalist, speaker and writer, Aur\u00e9lie Godefroy presents the program\u00a0<em>Sagesses Bouddhistes<\/em>on France 2 TV channel and collaborates with the newspaper\u00a0<em>Le Monde des Religions<\/em>\u00a0and the magazines\u00a0<em>Sens et Sant\u00e9<\/em>,\u00a0<em>Ultreia<\/em>\u00a0and\u00a0<em>Question de<\/em>\u00a0in which she was the coordinator for the ones dedicated to body and meditation.<\/p>\n<p>She is the author of\u00a0<em>Rites et f\u00eates du catholicisme<\/em>\u00a0(Plon),\u00a0<em>Les religions, le sexe et nous<\/em>(Calmann-L\u00e9vy),\u00a0<em>Sur les chemins de l\u2019harmonie<\/em>(Larousse), de\u00a0<em>M\u00e9diter, une m\u00e9decine des \u00e2mes<\/em>\u00a0(Albin Michel) in collaboration with Matthieu Ricard, Fr\u00e9d\u00e9ric Lenoir, Christophe Andr\u00e9, Fabrice Midal ou encore Thierry Janssen\u2026[\/vc_column_text][\/vc_column][vc_column width=&#8221;1\/2&#8243;][vc_empty_space height=&#8221;237px&#8221;][vc_column_text]She was invited to speak about personal development, spirituality, yoga, meditation and women in history and in our society, a subject particularly important to her, in conferences like at the Th\u00e9\u00e2tre du Palais Royal, at the Coll\u00e8ge des Bernardins, or festivals like\u00a0<em>Sisterhood in health<\/em>,\u00a0<em>La bio dans les \u00e9toiles<\/em>\u00a0,\u00a0<em>Le salon zen<\/em>\u00a0or recently at the Grand Rex.[\/vc_column_text][\/vc_column][\/vc_row][vc_row css_animation=&#8221;&#8221; row_type=&#8221;row&#8221; use_row_as_full_screen_section=&#8221;no&#8221; type=&#8221;full_width&#8221; angled_section=&#8221;no&#8221; text_align=&#8221;left&#8221; background_image_as_pattern=&#8221;without_pattern&#8221;][vc_column][vc_empty_space][\/vc_column][\/vc_row]<\/p>\n<\/section>","protected":false},"excerpt":{"rendered":"<p>Journalist, speaker and writer, Aur\u00e9lie Godefroy presents the program\u00a0Sagesses Bouddhisteson France 2 TV channel and collaborates with the newspaper\u00a0Le Monde des Religions\u00a0and the magazines\u00a0Sens et Sant\u00e9,\u00a0Ultreia\u00a0and\u00a0Question de\u00a0in which she was the coordinator for the ones dedicated to body and meditation.<\/p>\n<p>She is the author of\u00a0Rites et f\u00eates du catholicisme\u00a0(Plon),\u00a0Les religions, le sexe et nous(Calmann-L\u00e9vy),\u00a0Sur les chemins de l\u2019harmonie(Larousse), de\u00a0M\u00e9diter, une m\u00e9decine des \u00e2mes\u00a0(Albin Michel) in collaboration with Matthieu Ricard, Fr\u00e9d\u00e9ric Lenoir, Christophe Andr\u00e9, Fabrice Midal ou encore Thierry Janssen\u2026<\/p>\n","protected":false},"author":2,"featured_media":0,"comment_status":"open","ping_status":"open","sticky":false,"template":"","format":"standard","meta":{"_mi_skip_tracking":false,"_exactmetrics_sitenote_active":false,"_exactmetrics_sitenote_note":"","_exactmetrics_sitenote_category":0},"categories":[62,78],"tags":[],"yoast_head":"<!-- This site is optimized with the Yoast SEO plugin v18.4.1 - https:\/\/yoast.com\/wordpress\/plugins\/seo\/ -->\n<title>Aur\u00e9lie Godefroy - SAM Strasbourg - Science Art M\u00e9ditation<\/title>\n<meta name=\"robots\" content=\"index, follow, max-snippet:-1, max-image-preview:large, max-video-preview:-1\" \/>\n<link rel=\"canonical\" href=\"https:\/\/samstrasbourg.com\/en\/aurelie-godefroy\/\" \/>\n<meta property=\"og:locale\" content=\"en_US\" \/>\n<meta property=\"og:type\" content=\"article\" \/>\n<meta property=\"og:title\" content=\"Aur\u00e9lie Godefroy - SAM Strasbourg - Science Art M\u00e9ditation\" \/>\n<meta property=\"og:description\" content=\"Journalist, speaker and writer, Aur\u00e9lie Godefroy presents the program\u00a0Sagesses Bouddhisteson France 2 TV channel and collaborates with the newspaper\u00a0Le Monde des Religions\u00a0and the magazines\u00a0Sens et Sant\u00e9,\u00a0Ultreia\u00a0and\u00a0Question de\u00a0in which she was the coordinator for the ones dedicated to body and meditation.  She is the author of\u00a0Rites et f\u00eates du catholicisme\u00a0(Plon),\u00a0Les religions, le sexe et nous(Calmann-L\u00e9vy),\u00a0Sur les chemins de l\u2019harmonie(Larousse), de\u00a0M\u00e9diter, une m\u00e9decine des \u00e2mes\u00a0(Albin Michel) in collaboration with Matthieu Ricard, Fr\u00e9d\u00e9ric Lenoir, Christophe Andr\u00e9, Fabrice Midal ou encore Thierry Janssen\u2026\" \/>\n<meta property=\"og:url\" content=\"https:\/\/samstrasbourg.com\/en\/aurelie-godefroy\/\" \/>\n<meta property=\"og:site_name\" content=\"SAM Strasbourg - Science Art M\u00e9ditation\" \/>\n<meta property=\"article:published_time\" content=\"2019-07-22T12:46:02+00:00\" \/>\n<meta property=\"article:modified_time\" content=\"2019-07-22T17:10:45+00:00\" \/>\n<meta name=\"twitter:card\" content=\"summary_large_image\" \/>\n<meta name=\"twitter:label1\" content=\"Written by\" \/>\n\t<meta name=\"twitter:data1\" content=\"Charlyne Bach\" \/>\n\t<meta name=\"twitter:label2\" content=\"Est. reading time\" \/>\n\t<meta name=\"twitter:data2\" content=\"1 minute\" \/>\n<script type=\"application\/ld+json\" class=\"yoast-schema-graph\">{\"@context\":\"https:\/\/schema.org\",\"@graph\":[{\"@type\":\"WebSite\",\"@id\":\"https:\/\/samstrasbourg.com\/en\/#website\",\"url\":\"https:\/\/samstrasbourg.com\/en\/\",\"name\":\"SAM Strasbourg - Science Art M\u00e9ditation\",\"description\":\"Science Art M\u00e9ditation - SAM Strasbourg\",\"potentialAction\":[{\"@type\":\"SearchAction\",\"target\":{\"@type\":\"EntryPoint\",\"urlTemplate\":\"https:\/\/samstrasbourg.com\/en\/?s={search_term_string}\"},\"query-input\":\"required name=search_term_string\"}],\"inLanguage\":\"en-US\"},{\"@type\":\"WebPage\",\"@id\":\"https:\/\/samstrasbourg.com\/en\/aurelie-godefroy\/#webpage\",\"url\":\"https:\/\/samstrasbourg.com\/en\/aurelie-godefroy\/\",\"name\":\"Aur\u00e9lie Godefroy - SAM Strasbourg - Science Art M\u00e9ditation\",\"isPartOf\":{\"@id\":\"https:\/\/samstrasbourg.com\/en\/#website\"},\"datePublished\":\"2019-07-22T12:46:02+00:00\",\"dateModified\":\"2019-07-22T17:10:45+00:00\",\"author\":{\"@id\":\"https:\/\/samstrasbourg.com\/en\/#\/schema\/person\/2a6a4de0a57a69be6274cd31e50711af\"},\"breadcrumb\":{\"@id\":\"https:\/\/samstrasbourg.com\/en\/aurelie-godefroy\/#breadcrumb\"},\"inLanguage\":\"en-US\",\"potentialAction\":[{\"@type\":\"ReadAction\",\"target\":[\"https:\/\/samstrasbourg.com\/en\/aurelie-godefroy\/\"]}]},{\"@type\":\"BreadcrumbList\",\"@id\":\"https:\/\/samstrasbourg.com\/en\/aurelie-godefroy\/#breadcrumb\",\"itemListElement\":[{\"@type\":\"ListItem\",\"position\":1,\"name\":\"Accueil\",\"item\":\"https:\/\/samstrasbourg.com\/en\/\"},{\"@type\":\"ListItem\",\"position\":2,\"name\":\"Aur\u00e9lie Godefroy\"}]},{\"@type\":\"Person\",\"@id\":\"https:\/\/samstrasbourg.com\/en\/#\/schema\/person\/2a6a4de0a57a69be6274cd31e50711af\",\"name\":\"Charlyne Bach\",\"image\":{\"@type\":\"ImageObject\",\"@id\":\"https:\/\/samstrasbourg.com\/en\/#personlogo\",\"inLanguage\":\"en-US\",\"url\":\"https:\/\/secure.gravatar.com\/avatar\/aa3dd04c28bf0908588b8954e4165e7d?s=96&d=mm&r=g\",\"contentUrl\":\"https:\/\/secure.gravatar.com\/avatar\/aa3dd04c28bf0908588b8954e4165e7d?s=96&d=mm&r=g\",\"caption\":\"Charlyne Bach\"},\"url\":\"https:\/\/samstrasbourg.com\/en\/author\/cbsamadmin\/\"}]}<\/script>\n<!-- \/ Yoast SEO plugin. -->","yoast_head_json":{"title":"Aur\u00e9lie Godefroy - SAM Strasbourg - Science Art M\u00e9ditation","robots":{"index":"index","follow":"follow","max-snippet":"max-snippet:-1","max-image-preview":"max-image-preview:large","max-video-preview":"max-video-preview:-1"},"canonical":"https:\/\/samstrasbourg.com\/en\/aurelie-godefroy\/","og_locale":"en_US","og_type":"article","og_title":"Aur\u00e9lie Godefroy - SAM Strasbourg - Science Art M\u00e9ditation","og_description":"Journalist, speaker and writer, Aur\u00e9lie Godefroy presents the program\u00a0Sagesses Bouddhisteson France 2 TV channel and collaborates with the newspaper\u00a0Le Monde des Religions\u00a0and the magazines\u00a0Sens et Sant\u00e9,\u00a0Ultreia\u00a0and\u00a0Question de\u00a0in which she was the coordinator for the ones dedicated to body and meditation.  She is the author of\u00a0Rites et f\u00eates du catholicisme\u00a0(Plon),\u00a0Les religions, le sexe et nous(Calmann-L\u00e9vy),\u00a0Sur les chemins de l\u2019harmonie(Larousse), de\u00a0M\u00e9diter, une m\u00e9decine des \u00e2mes\u00a0(Albin Michel) in collaboration with Matthieu Ricard, Fr\u00e9d\u00e9ric Lenoir, Christophe Andr\u00e9, Fabrice Midal ou encore Thierry Janssen\u2026","og_url":"https:\/\/samstrasbourg.com\/en\/aurelie-godefroy\/","og_site_name":"SAM Strasbourg - Science Art M\u00e9ditation","article_published_time":"2019-07-22T12:46:02+00:00","article_modified_time":"2019-07-22T17:10:45+00:00","twitter_card":"summary_large_image","twitter_misc":{"Written by":"Charlyne Bach","Est. reading time":"1 minute"},"schema":{"@context":"https:\/\/schema.org","@graph":[{"@type":"WebSite","@id":"https:\/\/samstrasbourg.com\/en\/#website","url":"https:\/\/samstrasbourg.com\/en\/","name":"SAM Strasbourg - Science Art M\u00e9ditation","description":"Science Art M\u00e9ditation - SAM Strasbourg","potentialAction":[{"@type":"SearchAction","target":{"@type":"EntryPoint","urlTemplate":"https:\/\/samstrasbourg.com\/en\/?s={search_term_string}"},"query-input":"required name=search_term_string"}],"inLanguage":"en-US"},{"@type":"WebPage","@id":"https:\/\/samstrasbourg.com\/en\/aurelie-godefroy\/#webpage","url":"https:\/\/samstrasbourg.com\/en\/aurelie-godefroy\/","name":"Aur\u00e9lie Godefroy - SAM Strasbourg - Science Art M\u00e9ditation","isPartOf":{"@id":"https:\/\/samstrasbourg.com\/en\/#website"},"datePublished":"2019-07-22T12:46:02+00:00","dateModified":"2019-07-22T17:10:45+00:00","author":{"@id":"https:\/\/samstrasbourg.com\/en\/#\/schema\/person\/2a6a4de0a57a69be6274cd31e50711af"},"breadcrumb":{"@id":"https:\/\/samstrasbourg.com\/en\/aurelie-godefroy\/#breadcrumb"},"inLanguage":"en-US","potentialAction":[{"@type":"ReadAction","target":["https:\/\/samstrasbourg.com\/en\/aurelie-godefroy\/"]}]},{"@type":"BreadcrumbList","@id":"https:\/\/samstrasbourg.com\/en\/aurelie-godefroy\/#breadcrumb","itemListElement":[{"@type":"ListItem","position":1,"name":"Accueil","item":"https:\/\/samstrasbourg.com\/en\/"},{"@type":"ListItem","position":2,"name":"Aur\u00e9lie Godefroy"}]},{"@type":"Person","@id":"https:\/\/samstrasbourg.com\/en\/#\/schema\/person\/2a6a4de0a57a69be6274cd31e50711af","name":"Charlyne Bach","image":{"@type":"ImageObject","@id":"https:\/\/samstrasbourg.com\/en\/#personlogo","inLanguage":"en-US","url":"https:\/\/secure.gravatar.com\/avatar\/aa3dd04c28bf0908588b8954e4165e7d?s=96&d=mm&r=g","contentUrl":"https:\/\/secure.gravatar.com\/avatar\/aa3dd04c28bf0908588b8954e4165e7d?s=96&d=mm&r=g","caption":"Charlyne Bach"},"url":"https:\/\/samstrasbourg.com\/en\/author\/cbsamadmin\/"}]}},"jetpack_featured_media_url":"","_links":{"self":[{"href":"https:\/\/samstrasbourg.com\/en\/wp-json\/wp\/v2\/posts\/2142"}],"collection":[{"href":"https:\/\/samstrasbourg.com\/en\/wp-json\/wp\/v2\/posts"}],"about":[{"href":"https:\/\/samstrasbourg.com\/en\/wp-json\/wp\/v2\/types\/post"}],"author":[{"embeddable":true,"href":"https:\/\/samstrasbourg.com\/en\/wp-json\/wp\/v2\/users\/2"}],"replies":[{"embeddable":true,"href":"https:\/\/samstrasbourg.com\/en\/wp-json\/wp\/v2\/comments?post=2142"}],"version-history":[{"count":2,"href":"https:\/\/samstrasbourg.com\/en\/wp-json\/wp\/v2\/posts\/2142\/revisions"}],"predecessor-version":[{"id":2215,"href":"https:\/\/samstrasbourg.com\/en\/wp-json\/wp\/v2\/posts\/2142\/revisions\/2215"}],"wp:attachment":[{"href":"https:\/\/samstrasbourg.com\/en\/wp-json\/wp\/v2\/media?parent=2142"}],"wp:term":[{"taxonomy":"category","embeddable":true,"href":"https:\/\/samstrasbourg.com\/en\/wp-json\/wp\/v2\/categories?post=2142"},{"taxonomy":"post_tag","embeddable":true,"href":"https:\/\/samstrasbourg.com\/en\/wp-json\/wp\/v2\/tags?post=2142"}],"curies":[{"name":"wp","href":"https:\/\/api.w.org\/{rel}","templated":true}]}}