{"id":2171,"date":"2019-07-22T15:45:16","date_gmt":"2019-07-22T13:45:16","guid":{"rendered":"https:\/\/samstrasbourg.com\/?p=2171"},"modified":"2019-07-23T10:19:14","modified_gmt":"2019-07-23T08:19:14","slug":"pacome-rupin","status":"publish","type":"post","link":"https:\/\/samstrasbourg.com\/en\/pacome-rupin\/","title":{"rendered":"Pac\u00f4me Rupin"},"content":{"rendered":"<section class=\"wpb-content-wrapper\"><p>[vc_row css_animation=&#8221;&#8221; row_type=&#8221;row&#8221; use_row_as_full_screen_section=&#8221;no&#8221; type=&#8221;full_width&#8221; angled_section=&#8221;no&#8221; text_align=&#8221;left&#8221; background_image_as_pattern=&#8221;without_pattern&#8221;][vc_column width=&#8221;1\/2&#8243;]<div class='q_icon_with_title very_large custom_icon_image center '><div class=\"icon_holder \" style=\"margin: 0 0 8px 0; \"><img itemprop=\"image\" style=\"margin: 0 0 8px 0;\" src=\"https:\/\/samstrasbourg.com\/wp-content\/uploads\/2019\/07\/Paco\u0302me-Rupin.png\" alt=\"\"><\/div><div class=\"icon_text_holder\" style=\"\"><div class=\"icon_text_inner\" style=\"\"><h4 class=\"icon_title\" style=\"\">Pac\u00f4me Rupin<\/h4><p style=''><\/p><\/div><\/div><\/div>[vc_column_text]<\/p>\n<h5 style=\"text-align: center;\"><em>Member of Parliament<\/em><\/h5>\n<p>[\/vc_column_text][vc_column_text]Born on the 25th of January 1985, Pac\u00f4me Rupin grew up in the village of Savonni\u00e8res, Touraine, France. Graduated from ESSEC Business School and the Social Entrepreneurship chair in 2009.<\/p>\n<p>He first worked as Chief of staff for Jean-Marc Borello, Executive Director of Groupe SOS, at the head office located rue Amelot. Then he joined the Pepini\u00e8re 27 (business incubator) as the co-founder of a communication agency and of a recruitment forum for startups and students.<\/p>\n<p>In 2014, he is elected Deputy Mayor of the 4th district. He joins En Marche ! at the very beginning of the movement in April 2016.[\/vc_column_text][\/vc_column][vc_column width=&#8221;1\/2&#8243;][vc_empty_space height=&#8221;237px&#8221;][vc_column_text]He is part of Emmanuel Macron\u2019s campaign management staff, in charge of territories mobilization and field campaign.<\/p>\n<p>In June 2017, he is elected Member of Parliament in the 7th district of Paris. He joins the La R\u00e9publique En Marche Bureau as Vice-President, and he serves at the Constitutional Laws permanent Commission.<\/p>\n<p>He started meditation in 2013 and earned the Medicine, Meditation and Neurosciences diploma in Strasbourg in 2017. He is interested in how meditative practice affects work, health and education.[\/vc_column_text][\/vc_column][\/vc_row][vc_row css_animation=&#8221;&#8221; row_type=&#8221;row&#8221; use_row_as_full_screen_section=&#8221;no&#8221; type=&#8221;full_width&#8221; angled_section=&#8221;no&#8221; text_align=&#8221;left&#8221; background_image_as_pattern=&#8221;without_pattern&#8221;][vc_column][vc_empty_space][\/vc_column][\/vc_row]<\/p>\n<\/section>","protected":false},"excerpt":{"rendered":"<p>Born on the 25th of January 1985, Pac\u00f4me Rupin grew up in the village of Savonni\u00e8res, Touraine, France. Graduated from ESSEC Business School and the Social Entrepreneurship chair in 2009.<\/p>\n<p>He first worked as Chief of staff for Jean-Marc Borello, Executive Director of Groupe SOS, at the head office located rue Amelot. Then he joined the Pepini\u00e8re 27 (business incubator) as the co-founder of a communication agency and of a recruitment forum for startups and students.<\/p>\n<p>In 2014, he is elected Deputy Mayor of the 4th district. He joins En Marche ! at the very beginning of the movement in April 2016.<\/p>\n","protected":false},"author":2,"featured_media":0,"comment_status":"open","ping_status":"open","sticky":false,"template":"","format":"standard","meta":{"_mi_skip_tracking":false,"_exactmetrics_sitenote_active":false,"_exactmetrics_sitenote_note":"","_exactmetrics_sitenote_category":0},"categories":[62],"tags":[],"yoast_head":"<!-- This site is optimized with the Yoast SEO plugin v18.4.1 - https:\/\/yoast.com\/wordpress\/plugins\/seo\/ -->\n<title>Pac\u00f4me Rupin - SAM Strasbourg - Science Art M\u00e9ditation<\/title>\n<meta name=\"robots\" content=\"index, follow, max-snippet:-1, max-image-preview:large, max-video-preview:-1\" \/>\n<link rel=\"canonical\" href=\"https:\/\/samstrasbourg.com\/en\/pacome-rupin\/\" \/>\n<meta property=\"og:locale\" content=\"en_US\" \/>\n<meta property=\"og:type\" content=\"article\" \/>\n<meta property=\"og:title\" content=\"Pac\u00f4me Rupin - SAM Strasbourg - Science Art M\u00e9ditation\" \/>\n<meta property=\"og:description\" content=\"Born on the 25th of January 1985, Pac\u00f4me Rupin grew up in the village of Savonni\u00e8res, Touraine, France. Graduated from ESSEC Business School and the Social Entrepreneurship chair in 2009.  He first worked as Chief of staff for Jean-Marc Borello, Executive Director of Groupe SOS, at the head office located rue Amelot. Then he joined the Pepini\u00e8re 27 (business incubator) as the co-founder of a communication agency and of a recruitment forum for startups and students.  In 2014, he is elected Deputy Mayor of the 4th district. He joins En Marche ! at the very beginning of the movement in April 2016.\" \/>\n<meta property=\"og:url\" content=\"https:\/\/samstrasbourg.com\/en\/pacome-rupin\/\" \/>\n<meta property=\"og:site_name\" content=\"SAM Strasbourg - Science Art M\u00e9ditation\" \/>\n<meta property=\"article:published_time\" content=\"2019-07-22T13:45:16+00:00\" \/>\n<meta property=\"article:modified_time\" content=\"2019-07-23T08:19:14+00:00\" \/>\n<meta name=\"twitter:card\" content=\"summary_large_image\" \/>\n<meta name=\"twitter:label1\" content=\"Written by\" \/>\n\t<meta name=\"twitter:data1\" content=\"Charlyne Bach\" \/>\n\t<meta name=\"twitter:label2\" content=\"Est. reading time\" \/>\n\t<meta name=\"twitter:data2\" content=\"2 minutes\" \/>\n<script type=\"application\/ld+json\" class=\"yoast-schema-graph\">{\"@context\":\"https:\/\/schema.org\",\"@graph\":[{\"@type\":\"WebSite\",\"@id\":\"https:\/\/samstrasbourg.com\/en\/#website\",\"url\":\"https:\/\/samstrasbourg.com\/en\/\",\"name\":\"SAM Strasbourg - Science Art M\u00e9ditation\",\"description\":\"Science Art M\u00e9ditation - SAM Strasbourg\",\"potentialAction\":[{\"@type\":\"SearchAction\",\"target\":{\"@type\":\"EntryPoint\",\"urlTemplate\":\"https:\/\/samstrasbourg.com\/en\/?s={search_term_string}\"},\"query-input\":\"required name=search_term_string\"}],\"inLanguage\":\"en-US\"},{\"@type\":\"WebPage\",\"@id\":\"https:\/\/samstrasbourg.com\/en\/pacome-rupin\/#webpage\",\"url\":\"https:\/\/samstrasbourg.com\/en\/pacome-rupin\/\",\"name\":\"Pac\u00f4me Rupin - SAM Strasbourg - Science Art M\u00e9ditation\",\"isPartOf\":{\"@id\":\"https:\/\/samstrasbourg.com\/en\/#website\"},\"datePublished\":\"2019-07-22T13:45:16+00:00\",\"dateModified\":\"2019-07-23T08:19:14+00:00\",\"author\":{\"@id\":\"https:\/\/samstrasbourg.com\/en\/#\/schema\/person\/2a6a4de0a57a69be6274cd31e50711af\"},\"breadcrumb\":{\"@id\":\"https:\/\/samstrasbourg.com\/en\/pacome-rupin\/#breadcrumb\"},\"inLanguage\":\"en-US\",\"potentialAction\":[{\"@type\":\"ReadAction\",\"target\":[\"https:\/\/samstrasbourg.com\/en\/pacome-rupin\/\"]}]},{\"@type\":\"BreadcrumbList\",\"@id\":\"https:\/\/samstrasbourg.com\/en\/pacome-rupin\/#breadcrumb\",\"itemListElement\":[{\"@type\":\"ListItem\",\"position\":1,\"name\":\"Accueil\",\"item\":\"https:\/\/samstrasbourg.com\/en\/\"},{\"@type\":\"ListItem\",\"position\":2,\"name\":\"Pac\u00f4me Rupin\"}]},{\"@type\":\"Person\",\"@id\":\"https:\/\/samstrasbourg.com\/en\/#\/schema\/person\/2a6a4de0a57a69be6274cd31e50711af\",\"name\":\"Charlyne Bach\",\"image\":{\"@type\":\"ImageObject\",\"@id\":\"https:\/\/samstrasbourg.com\/en\/#personlogo\",\"inLanguage\":\"en-US\",\"url\":\"https:\/\/secure.gravatar.com\/avatar\/aa3dd04c28bf0908588b8954e4165e7d?s=96&d=mm&r=g\",\"contentUrl\":\"https:\/\/secure.gravatar.com\/avatar\/aa3dd04c28bf0908588b8954e4165e7d?s=96&d=mm&r=g\",\"caption\":\"Charlyne Bach\"},\"url\":\"https:\/\/samstrasbourg.com\/en\/author\/cbsamadmin\/\"}]}<\/script>\n<!-- \/ Yoast SEO plugin. -->","yoast_head_json":{"title":"Pac\u00f4me Rupin - SAM Strasbourg - Science Art M\u00e9ditation","robots":{"index":"index","follow":"follow","max-snippet":"max-snippet:-1","max-image-preview":"max-image-preview:large","max-video-preview":"max-video-preview:-1"},"canonical":"https:\/\/samstrasbourg.com\/en\/pacome-rupin\/","og_locale":"en_US","og_type":"article","og_title":"Pac\u00f4me Rupin - SAM Strasbourg - Science Art M\u00e9ditation","og_description":"Born on the 25th of January 1985, Pac\u00f4me Rupin grew up in the village of Savonni\u00e8res, Touraine, France. Graduated from ESSEC Business School and the Social Entrepreneurship chair in 2009.  He first worked as Chief of staff for Jean-Marc Borello, Executive Director of Groupe SOS, at the head office located rue Amelot. Then he joined the Pepini\u00e8re 27 (business incubator) as the co-founder of a communication agency and of a recruitment forum for startups and students.  In 2014, he is elected Deputy Mayor of the 4th district. He joins En Marche ! at the very beginning of the movement in April 2016.","og_url":"https:\/\/samstrasbourg.com\/en\/pacome-rupin\/","og_site_name":"SAM Strasbourg - Science Art M\u00e9ditation","article_published_time":"2019-07-22T13:45:16+00:00","article_modified_time":"2019-07-23T08:19:14+00:00","twitter_card":"summary_large_image","twitter_misc":{"Written by":"Charlyne Bach","Est. reading time":"2 minutes"},"schema":{"@context":"https:\/\/schema.org","@graph":[{"@type":"WebSite","@id":"https:\/\/samstrasbourg.com\/en\/#website","url":"https:\/\/samstrasbourg.com\/en\/","name":"SAM Strasbourg - Science Art M\u00e9ditation","description":"Science Art M\u00e9ditation - SAM Strasbourg","potentialAction":[{"@type":"SearchAction","target":{"@type":"EntryPoint","urlTemplate":"https:\/\/samstrasbourg.com\/en\/?s={search_term_string}"},"query-input":"required name=search_term_string"}],"inLanguage":"en-US"},{"@type":"WebPage","@id":"https:\/\/samstrasbourg.com\/en\/pacome-rupin\/#webpage","url":"https:\/\/samstrasbourg.com\/en\/pacome-rupin\/","name":"Pac\u00f4me Rupin - SAM Strasbourg - Science Art M\u00e9ditation","isPartOf":{"@id":"https:\/\/samstrasbourg.com\/en\/#website"},"datePublished":"2019-07-22T13:45:16+00:00","dateModified":"2019-07-23T08:19:14+00:00","author":{"@id":"https:\/\/samstrasbourg.com\/en\/#\/schema\/person\/2a6a4de0a57a69be6274cd31e50711af"},"breadcrumb":{"@id":"https:\/\/samstrasbourg.com\/en\/pacome-rupin\/#breadcrumb"},"inLanguage":"en-US","potentialAction":[{"@type":"ReadAction","target":["https:\/\/samstrasbourg.com\/en\/pacome-rupin\/"]}]},{"@type":"BreadcrumbList","@id":"https:\/\/samstrasbourg.com\/en\/pacome-rupin\/#breadcrumb","itemListElement":[{"@type":"ListItem","position":1,"name":"Accueil","item":"https:\/\/samstrasbourg.com\/en\/"},{"@type":"ListItem","position":2,"name":"Pac\u00f4me Rupin"}]},{"@type":"Person","@id":"https:\/\/samstrasbourg.com\/en\/#\/schema\/person\/2a6a4de0a57a69be6274cd31e50711af","name":"Charlyne Bach","image":{"@type":"ImageObject","@id":"https:\/\/samstrasbourg.com\/en\/#personlogo","inLanguage":"en-US","url":"https:\/\/secure.gravatar.com\/avatar\/aa3dd04c28bf0908588b8954e4165e7d?s=96&d=mm&r=g","contentUrl":"https:\/\/secure.gravatar.com\/avatar\/aa3dd04c28bf0908588b8954e4165e7d?s=96&d=mm&r=g","caption":"Charlyne Bach"},"url":"https:\/\/samstrasbourg.com\/en\/author\/cbsamadmin\/"}]}},"jetpack_featured_media_url":"","_links":{"self":[{"href":"https:\/\/samstrasbourg.com\/en\/wp-json\/wp\/v2\/posts\/2171"}],"collection":[{"href":"https:\/\/samstrasbourg.com\/en\/wp-json\/wp\/v2\/posts"}],"about":[{"href":"https:\/\/samstrasbourg.com\/en\/wp-json\/wp\/v2\/types\/post"}],"author":[{"embeddable":true,"href":"https:\/\/samstrasbourg.com\/en\/wp-json\/wp\/v2\/users\/2"}],"replies":[{"embeddable":true,"href":"https:\/\/samstrasbourg.com\/en\/wp-json\/wp\/v2\/comments?post=2171"}],"version-history":[{"count":2,"href":"https:\/\/samstrasbourg.com\/en\/wp-json\/wp\/v2\/posts\/2171\/revisions"}],"predecessor-version":[{"id":2247,"href":"https:\/\/samstrasbourg.com\/en\/wp-json\/wp\/v2\/posts\/2171\/revisions\/2247"}],"wp:attachment":[{"href":"https:\/\/samstrasbourg.com\/en\/wp-json\/wp\/v2\/media?parent=2171"}],"wp:term":[{"taxonomy":"category","embeddable":true,"href":"https:\/\/samstrasbourg.com\/en\/wp-json\/wp\/v2\/categories?post=2171"},{"taxonomy":"post_tag","embeddable":true,"href":"https:\/\/samstrasbourg.com\/en\/wp-json\/wp\/v2\/tags?post=2171"}],"curies":[{"name":"wp","href":"https:\/\/api.w.org\/{rel}","templated":true}]}}